{"id":998,"date":"2009-04-14T09:02:29","date_gmt":"2009-04-14T07:02:29","guid":{"rendered":"http:\/\/www.diegluecksburger.de\/life\/?p=998"},"modified":"2011-07-22T21:57:17","modified_gmt":"2011-07-22T19:57:17","slug":"30bunte-tassen-11-und-12-tag","status":"publish","type":"post","link":"http:\/\/www.diegluecksburger.de\/life\/2009\/04\/14\/30bunte-tassen-11-und-12-tag\/","title":{"rendered":"30bunte Tassen ~ 11. und 12. Tag"},"content":{"rendered":"<p><img loading=\"lazy\" decoding=\"async\" class=\"alignnone\" style=\"border: 0pt none; margin: 2px 1px;\" src=\"http:\/\/u1.ipernity.com\/11\/16\/83\/4591683.6b6ab63d.240.jpg\" alt=\"11. Tag\" width=\"240\" height=\"114\" border=\"0\" \/> <a href=\"http:\/\/www.ipernity.com\/doc\/lebeninfarbe\/4591684\"><img loading=\"lazy\" decoding=\"async\" class=\"alignnone\" style=\"border: 0pt none; margin: 2px 1px;\" src=\"http:\/\/u1.ipernity.com\/11\/16\/84\/4591684.be1e4141.240.jpg\" alt=\"12. Tag\" width=\"240\" height=\"114\" border=\"0\" \/><\/a><\/p>\n<p style=\"text-align: justify;\">Nicht nur das ich einen TassenNOTstand habe, nein, nun habe ich auch noch durch die Feiertage einen TassenR\u00dfCKstand. Sorgen mache ich mir aber nicht, denn mit diesen beiden Tassen fehlen nur noch die Tassen f\u00fcr Montag und Heute. Da es wieder Fremdtassen sind, m\u00fcsst ihr leider schon wieder auf den Kaffee verzichten.<\/p>\n<p style=\"text-align: justify;\">Werde eigentlich nur ICH komisch angeguckt, wenn ich Fremdtassen fotografiere? Und wenn ich dann erz\u00e4hle, wieso, weshalb und warum ich die Tasse brauche, dann ernte ich verst\u00e4ndnislose Blicke und oder ein Schulterzucken&#8230; \ud83d\ude42<\/p>\n","protected":false},"excerpt":{"rendered":"<p>Nicht nur das ich einen TassenNOTstand habe, nein, nun habe ich auch noch [&hellip;]<\/p>\n","protected":false},"author":1,"featured_media":0,"comment_status":"open","ping_status":"closed","sticky":false,"template":"","format":"standard","meta":{"footnotes":""},"categories":[8],"tags":[31,142],"class_list":["post-998","post","type-post","status-publish","format-standard","hentry","category-projekte","tag-bunt","tag-tassenparade"],"_links":{"self":[{"href":"http:\/\/www.diegluecksburger.de\/life\/wp-json\/wp\/v2\/posts\/998","targetHints":{"allow":["GET"]}}],"collection":[{"href":"http:\/\/www.diegluecksburger.de\/life\/wp-json\/wp\/v2\/posts"}],"about":[{"href":"http:\/\/www.diegluecksburger.de\/life\/wp-json\/wp\/v2\/types\/post"}],"author":[{"embeddable":true,"href":"http:\/\/www.diegluecksburger.de\/life\/wp-json\/wp\/v2\/users\/1"}],"replies":[{"embeddable":true,"href":"http:\/\/www.diegluecksburger.de\/life\/wp-json\/wp\/v2\/comments?post=998"}],"version-history":[{"count":0,"href":"http:\/\/www.diegluecksburger.de\/life\/wp-json\/wp\/v2\/posts\/998\/revisions"}],"wp:attachment":[{"href":"http:\/\/www.diegluecksburger.de\/life\/wp-json\/wp\/v2\/media?parent=998"}],"wp:term":[{"taxonomy":"category","embeddable":true,"href":"http:\/\/www.diegluecksburger.de\/life\/wp-json\/wp\/v2\/categories?post=998"},{"taxonomy":"post_tag","embeddable":true,"href":"http:\/\/www.diegluecksburger.de\/life\/wp-json\/wp\/v2\/tags?post=998"}],"curies":[{"name":"wp","href":"https:\/\/api.w.org\/{rel}","templated":true}]}}