{"id":687,"date":"2008-06-23T17:39:59","date_gmt":"2008-06-23T15:39:59","guid":{"rendered":"http:\/\/www.diegluecksburger.de\/life\/?p=687"},"modified":"2009-07-02T10:58:08","modified_gmt":"2009-07-02T08:58:08","slug":"brueder","status":"publish","type":"post","link":"http:\/\/www.diegluecksburger.de\/life\/2008\/06\/23\/brueder\/","title":{"rendered":"br\u00fcder"},"content":{"rendered":"<p style=\"text-align: justify;\"><span style=\"color: #008000;\"> meine jungs lieben sich, klar, sie sind ja auch br\u00fcder. sie wissen es einfach noch nicht anders. wie gesagt, sie lieben sich, aber an 48 von 60 minuten k\u00f6nnen sie sich nicht leiden. k\u00f6nnen nichts miteinander anfangen, st\u00e4nkern, streiten, kneifen, schubsen und verbieten dem jeweils anderen ins eigene zimmer zu kommen. ich wei\u00df das geh\u00f6rt zum alltag von br\u00fcdern, besonders wenn sie nur zwei jahr altersunterscheid haben. es ist normal, geh\u00f6rt zum aufwachsen dazu und KANN sie st\u00e4rken. aaaber mich st\u00e4rkt das nicht, so kurz mal am rande erw\u00e4hnt. mich macht das wahnsinnig, wenn ich oben das gezanke, geschreie und gestampfe die treppe runter h\u00f6re. und das gepetze, mama, <span style=\"color: #008000;\"><strong>derkleine<\/strong><\/span> hat gemacht, mamaaaa, <strong><span style=\"color: #000080;\">dergro\u00dfe<\/span><\/strong> hat \u00c3\u00a2\u00e2?\u00ac\u00cb?macht\u00c3\u00a2\u00e2?\u00ac&#8220;\u00a6.<\/span><\/p>\n<p style=\"text-align: justify;\"><span style=\"color: #008000;\">das ist zum haare raufen *uuuaaahh*<\/span><\/p>\n<p style=\"text-align: justify;\"><span style=\"color: #008000;\">worauf ich aber hinaus will: heute ist der allj\u00e4hrliche kindergartenausflug. <\/span><span style=\"color: #008000;\"><span style=\"color: #008000;\"><strong>derkleine<\/strong><\/span><\/span><span style=\"color: #008000;\"> hat sich schon die letzten tage m\u00e4chtig gefreut. <\/span><span style=\"color: #008000;\"><strong><span style=\"color: #000080;\">dergro\u00dfe <\/span><\/strong><\/span><span style=\"color: #008000;\">war eher still. <\/span><span style=\"color: #008000;\"><span style=\"color: #008000;\"><strong>derkleine <\/strong><\/span><\/span><span style=\"color: #008000;\">h\u00fcpfte nun also heute morgen voller vorfreude in den kindergarten und verweilt nun noch immer auf dem ausflug. kommt erst am nachmittag wieder. <\/span><span style=\"color: #008000;\"><strong><span style=\"color: #000080;\">dergro\u00dfe<\/span><\/strong><\/span><span style=\"color: #008000;\">, tja der hockt hier zuhause. durfte nicht mit. grund ist eine erzieherische ma\u00dfnahme der b\u00f6sen mama.<\/span><\/p>\n<p style=\"text-align: justify;\"><span style=\"color: #008000;\">und nun langweilt sich <\/span><span style=\"color: #008000;\"><strong><span style=\"color: #000080;\">dergro\u00dfe<\/span><\/strong><\/span><span style=\"color: #008000;\"> toootal. er hat BEIDE kinderzimmer f\u00fcr sich, kann hemmungslos mit ALLEM spielen was ihm zur verf\u00fcgung steht. aber nein, er langweilt sich. es ist sooo langweilig ohne <\/span><span style=\"color: #008000;\"><span style=\"color: #008000;\"><strong>denkleinen<\/strong><\/span><\/span><span style=\"color: #008000;\">\u00c3\u00a2\u00e2?\u00ac&#8220;\u00a6 ich m\u00f6chte mit <\/span><span style=\"color: #008000;\"><span style=\"color: #008000;\"><strong>demkleinen<\/strong><\/span><\/span><span style=\"color: #008000;\"> spielen\u00c3\u00a2\u00e2?\u00ac&#8220;\u00a6 was er wohl gerade auf dem ausflug macht\u00c3\u00a2\u00e2?\u00ac&#8220;\u00a6<\/span><\/p>\n<p style=\"text-align: justify;\"><span style=\"color: #008000;\">das mu\u00df ich mir noch zwei stunden anh\u00f6ren, dann k\u00f6nnen wir <\/span><span style=\"color: #008000;\"><span style=\"color: #008000;\"><strong>denkleinen<\/strong><\/span><\/span><span style=\"color: #008000;\"> stoppelhopser, sicher v\u00f6llig ersch\u00f6pft, wieder abholen.<\/span><\/p>\n<p style=\"text-align: justify;\"><span style=\"color: #008000;\">und beide k\u00f6nnen in seeliger ruhe gemeinsam spielen\u00c3\u00a2\u00e2?\u00ac&#8220;\u00a6<\/span><\/p>\n<p style=\"text-align: justify;\"><span style=\"color: #008000;\">so gef\u00fchlte f\u00fcnf minuten, bevor sie wieder streiten\u00c3\u00a2\u00e2?\u00ac&#8220;\u00a6<\/span><\/p>\n","protected":false},"excerpt":{"rendered":"<p>meine jungs lieben sich, klar, sie sind ja auch br\u00fcder. sie wissen es [&hellip;]<\/p>\n","protected":false},"author":1,"featured_media":0,"comment_status":"open","ping_status":"closed","sticky":false,"template":"","format":"standard","meta":{"footnotes":""},"categories":[96],"tags":[74,73,26],"class_list":["post-687","post","type-post","status-publish","format-standard","hentry","category-kinderkram","tag-dergrosse","tag-derkleine","tag-typisch"],"_links":{"self":[{"href":"http:\/\/www.diegluecksburger.de\/life\/wp-json\/wp\/v2\/posts\/687","targetHints":{"allow":["GET"]}}],"collection":[{"href":"http:\/\/www.diegluecksburger.de\/life\/wp-json\/wp\/v2\/posts"}],"about":[{"href":"http:\/\/www.diegluecksburger.de\/life\/wp-json\/wp\/v2\/types\/post"}],"author":[{"embeddable":true,"href":"http:\/\/www.diegluecksburger.de\/life\/wp-json\/wp\/v2\/users\/1"}],"replies":[{"embeddable":true,"href":"http:\/\/www.diegluecksburger.de\/life\/wp-json\/wp\/v2\/comments?post=687"}],"version-history":[{"count":0,"href":"http:\/\/www.diegluecksburger.de\/life\/wp-json\/wp\/v2\/posts\/687\/revisions"}],"wp:attachment":[{"href":"http:\/\/www.diegluecksburger.de\/life\/wp-json\/wp\/v2\/media?parent=687"}],"wp:term":[{"taxonomy":"category","embeddable":true,"href":"http:\/\/www.diegluecksburger.de\/life\/wp-json\/wp\/v2\/categories?post=687"},{"taxonomy":"post_tag","embeddable":true,"href":"http:\/\/www.diegluecksburger.de\/life\/wp-json\/wp\/v2\/tags?post=687"}],"curies":[{"name":"wp","href":"https:\/\/api.w.org\/{rel}","templated":true}]}}