{"id":27,"date":"2008-02-11T22:51:00","date_gmt":"2008-02-11T20:51:00","guid":{"rendered":"http:\/\/www.diegluecksburger.de\/life\/?p=27"},"modified":"2009-04-18T22:36:25","modified_gmt":"2009-04-18T20:36:25","slug":"montags","status":"publish","type":"post","link":"http:\/\/www.diegluecksburger.de\/life\/2008\/02\/11\/montags\/","title":{"rendered":"montags&#8230;"},"content":{"rendered":"<div style=\"text-align: justify; color: #666666;font-family:trebuchet ms;\"><span style=\"font-size:85%;\">ist ja [eigentlich] so ein furchtbarer tag. f\u00fcr die meisten jedenfalls, was man so h\u00f6rt, spricht sich ja rum. und fr\u00fcher, jaaaaaa fr\u00fcher, da fand ich das sicher auch. ist schon so lange her, da erinnere ich mich kaum noch dran.<br \/>\nund heute war so ein montag [seufz] so ein richtiger montag wie ich ihn von fr\u00fcher kannte. so ein typischer montag, nur das ich den zuhause hatte. die jungs blieben heute n\u00e4mlich noch hier, kein kindergarten, der vier [oder knappe drei *h\u00fcstel*] stunden meine jungs bet\u00fcddelt. die beiden wissen doch schon gar nicht mehr, wie der kindergarten aussieht, letzte woche waren sie mehr hier als dort, was ja eigentlich auch ganz toll ist&#8230; <span style=\"font-style: italic;\">eigentlich&#8230;<\/span> aber sie sind ein bissel krank, husten und schnupfen so vor sich hin.<br \/>\nund sie langweilen sich, <\/span><span style=\"font-size:85%;\">man merkt es ihnen an, <\/span><span style=\"font-size:85%;\">und wollen sachen machen, die die b\u00f6se mama nicht erlaubt. es ist nicht einfach f\u00fcnf und drei jahre alt zu sein, nein wirklich nicht, fragt meine jungs.<br \/>\n&#8222;wir d\u00fcrfen ja gar nichts, doof, das ist so doof&#8220; [den spruch haben sie von mir] und so wie es aussieht, scheint morgen mindestens noch einer der jungs zuhause bleiben zu m\u00fcssen, neeneeneeneee, das ist gar nicht fein, nein wirklich nicht. es w\u00e4re viel sch\u00f6ner wenn beide wieder gesund und munter sind und im kindergarten toben l\u00f6nnten!<br \/>\nach nein, morgen wird ein toller tag, morgen scheint die sonne und alles wird gut! <\/span><img decoding=\"async\" onclick=\"grin(':kuss:');\" src=\"..\/wp-includes\/images\/smilies\/icon_kuss.gif\" alt=\":kuss:\" \/><\/div>\n","protected":false},"excerpt":{"rendered":"<p>ist ja [eigentlich] so ein furchtbarer tag. f\u00fcr die meisten jedenfalls, was man [&hellip;]<\/p>\n","protected":false},"author":1,"featured_media":0,"comment_status":"open","ping_status":"closed","sticky":false,"template":"","format":"standard","meta":{"footnotes":""},"categories":[6,96],"tags":[40,20],"class_list":["post-27","post","type-post","status-publish","format-standard","hentry","category-alltaegliches","category-kinderkram","tag-alltag","tag-kinder"],"_links":{"self":[{"href":"http:\/\/www.diegluecksburger.de\/life\/wp-json\/wp\/v2\/posts\/27","targetHints":{"allow":["GET"]}}],"collection":[{"href":"http:\/\/www.diegluecksburger.de\/life\/wp-json\/wp\/v2\/posts"}],"about":[{"href":"http:\/\/www.diegluecksburger.de\/life\/wp-json\/wp\/v2\/types\/post"}],"author":[{"embeddable":true,"href":"http:\/\/www.diegluecksburger.de\/life\/wp-json\/wp\/v2\/users\/1"}],"replies":[{"embeddable":true,"href":"http:\/\/www.diegluecksburger.de\/life\/wp-json\/wp\/v2\/comments?post=27"}],"version-history":[{"count":0,"href":"http:\/\/www.diegluecksburger.de\/life\/wp-json\/wp\/v2\/posts\/27\/revisions"}],"wp:attachment":[{"href":"http:\/\/www.diegluecksburger.de\/life\/wp-json\/wp\/v2\/media?parent=27"}],"wp:term":[{"taxonomy":"category","embeddable":true,"href":"http:\/\/www.diegluecksburger.de\/life\/wp-json\/wp\/v2\/categories?post=27"},{"taxonomy":"post_tag","embeddable":true,"href":"http:\/\/www.diegluecksburger.de\/life\/wp-json\/wp\/v2\/tags?post=27"}],"curies":[{"name":"wp","href":"https:\/\/api.w.org\/{rel}","templated":true}]}}